{"id":870,"date":"2024-10-13T21:13:27","date_gmt":"2024-10-13T19:13:27","guid":{"rendered":"https:\/\/www.reggioinjazz.it\/rij\/?p=870"},"modified":"2024-10-13T22:21:46","modified_gmt":"2024-10-13T20:21:46","slug":"il-programma-della-14-edizione","status":"publish","type":"post","link":"https:\/\/www.reggioinjazz.it\/rij\/il-programma-della-14-edizione\/","title":{"rendered":"Il programma della 14^ edizione"},"content":{"rendered":"\n<h2 class=\"wp-block-heading has-text-align-center\">&nbsp;<span style=\"color: #333399;\">REGGIO IN JAZZ&nbsp; 14^&nbsp; EDIZIONE<\/span><\/h2>\n\n\n\n<p class=\"wp-block-paragraph\"><span style=\"font-size: 10pt; font-family: verdana, geneva;\"><span class=\"fsl\">Ritorna il consueto appuntamento con la rassegna \u201cReggio in Jazz\u201d, quest&#8217;anno arrivata alla 14^ edizione, curata dall\u2019associazione culturale \u201cNaima\u201d, che si svolger\u00e0 a Reggio Calabria, presso i locali del<strong> Teatro Odeon<\/strong>, i giorni <strong>22 e 23 Novembre 2024<\/strong> e presso il <strong>Teatro Manfroce<\/strong>, Palmi, il <strong>24 Novembre 2024<\/strong>. L&#8217;evento rappresenta uno degli appuntamenti pi\u00f9 importanti del panorama jazzistico calabrese.&nbsp;La rassegna non ha mai perso di vista la propria progettualit\u00e0, l&#8217;idea che la musica sia una forma di espressione e un mezzo di trasformazione e crescita culturale del territorio che, per essere efficace, deve stimolare, contraddire, spiazzare.<\/span>&nbsp;Come tutti gli anni l\u2019iniziativa collocata a cavallo tra la fine dell\u2019autunno e l\u2019inizio dell&#8217;inverno mira a incentivare l\u2019attivit\u00e0 turistica in un periodo di bassa stagione.<\/span><\/p>\n\n\n\n<hr class=\"wp-block-separator has-alpha-channel-opacity\"\/>\n\n\n<div class=\"wp-block-image\">\n<figure class=\"alignright size-full is-resized\"><img fetchpriority=\"high\" decoding=\"async\" width=\"1600\" height=\"1067\" src=\"https:\/\/www.reggioinjazz.it\/rij\/wp-content\/uploads\/2024\/10\/Jeff-Balland.jpg\" alt=\"\" class=\"wp-image-894\" style=\"aspect-ratio:1.3315994798439532;width:320px;height:auto\" srcset=\"https:\/\/www.reggioinjazz.it\/rij\/wp-content\/uploads\/2024\/10\/Jeff-Balland.jpg 1600w, https:\/\/www.reggioinjazz.it\/rij\/wp-content\/uploads\/2024\/10\/Jeff-Balland-300x200.jpg 300w, https:\/\/www.reggioinjazz.it\/rij\/wp-content\/uploads\/2024\/10\/Jeff-Balland-1024x683.jpg 1024w, https:\/\/www.reggioinjazz.it\/rij\/wp-content\/uploads\/2024\/10\/Jeff-Balland-768x512.jpg 768w, https:\/\/www.reggioinjazz.it\/rij\/wp-content\/uploads\/2024\/10\/Jeff-Balland-1536x1024.jpg 1536w\" sizes=\"(max-width: 1600px) 100vw, 1600px\" \/><\/figure>\n<\/div>\n\n\n<p class=\"wp-block-paragraph\"><span style=\"font-size: 12pt; font-family: verdana, geneva; color: #993300;\">22 novembre &#8211; <span style=\"font-size: 12pt; font-family: verdana, geneva; color: #993300;\"><strong>Jeff Balland<\/strong><\/span><strong> <\/strong><em>meet <\/em><strong>Fabrizio Bosso, Rosario Giuliani, Alberto Gurrisi<br><\/strong><\/span><\/p>\n\n\n\n<p class=\"has-text-align-left wp-block-paragraph\"><span style=\"font-size: 10pt; font-family: verdana, geneva;\">Jeff Balland &#8211; Batteria<\/span><\/p>\n\n\n\n<p class=\"has-text-align-left wp-block-paragraph\"><span style=\"font-size: 10pt; font-family: verdana, geneva;\">Rosario Giuliani &#8211; Sassofoni<\/span><\/p>\n\n\n\n<p class=\"has-text-align-left wp-block-paragraph\"><span style=\"font-size: 10pt; font-family: verdana, geneva;\">Alberto Gurrisi &#8211; Hammond<\/span><\/p>\n\n\n\n<p class=\"has-text-align-left wp-block-paragraph\"><span style=\"font-size: 10pt; font-family: verdana, geneva;\">Fabrizio Bosso &#8211; Tromba<\/span><\/p>\n\n\n\n<hr class=\"wp-block-separator has-alpha-channel-opacity\"\/>\n\n\n<div class=\"wp-block-image\">\n<figure class=\"alignleft size-full is-resized\"><img decoding=\"async\" width=\"1600\" height=\"1031\" src=\"https:\/\/www.reggioinjazz.it\/rij\/wp-content\/uploads\/2024\/10\/Ray-Gelato.jpg\" alt=\"\" class=\"wp-image-893\" style=\"aspect-ratio:1.5023364485981308;width:325px;height:auto\" srcset=\"https:\/\/www.reggioinjazz.it\/rij\/wp-content\/uploads\/2024\/10\/Ray-Gelato.jpg 1600w, https:\/\/www.reggioinjazz.it\/rij\/wp-content\/uploads\/2024\/10\/Ray-Gelato-300x193.jpg 300w, https:\/\/www.reggioinjazz.it\/rij\/wp-content\/uploads\/2024\/10\/Ray-Gelato-1024x660.jpg 1024w, https:\/\/www.reggioinjazz.it\/rij\/wp-content\/uploads\/2024\/10\/Ray-Gelato-768x495.jpg 768w, https:\/\/www.reggioinjazz.it\/rij\/wp-content\/uploads\/2024\/10\/Ray-Gelato-1536x990.jpg 1536w, https:\/\/www.reggioinjazz.it\/rij\/wp-content\/uploads\/2024\/10\/Ray-Gelato-310x200.jpg 310w\" sizes=\"(max-width: 1600px) 100vw, 1600px\" \/><\/figure>\n<\/div>\n\n\n<p class=\"has-text-align-right wp-block-paragraph\"><span style=\"font-size: 12pt; font-family: verdana, geneva; color: #993300;\">23 novembre &#8211; <strong>Ray Gelato &amp; The Giants<\/strong><\/span><\/p>\n\n\n\n<p class=\"has-text-align-right wp-block-paragraph\"><span style=\"font-size: 10pt; font-family: verdana, geneva;\"> &#8211; <\/span><\/p>\n\n\n\n<p class=\"has-text-align-right wp-block-paragraph\"><span style=\"font-size: 10pt; font-family: verdana, geneva;\"> &#8211; <\/span><\/p>\n\n\n\n<p class=\"has-text-align-right wp-block-paragraph\"><span style=\"font-size: 10pt; font-family: verdana, geneva;\"> &#8211; <\/span><\/p>\n\n\n\n<p class=\"has-text-align-right wp-block-paragraph\"><span style=\"font-size: 10pt; font-family: verdana, geneva;\"> &#8211; <\/span><\/p>\n\n\n\n<hr class=\"wp-block-separator has-alpha-channel-opacity\"\/>\n\n\n<div class=\"wp-block-image\">\n<figure class=\"alignright size-full is-resized\"><img decoding=\"async\" width=\"1600\" height=\"1068\" src=\"https:\/\/www.reggioinjazz.it\/rij\/wp-content\/uploads\/2024\/10\/Enzo-Favata.jpg\" alt=\"\" class=\"wp-image-892\" style=\"width:325px\" srcset=\"https:\/\/www.reggioinjazz.it\/rij\/wp-content\/uploads\/2024\/10\/Enzo-Favata.jpg 1600w, https:\/\/www.reggioinjazz.it\/rij\/wp-content\/uploads\/2024\/10\/Enzo-Favata-300x200.jpg 300w, https:\/\/www.reggioinjazz.it\/rij\/wp-content\/uploads\/2024\/10\/Enzo-Favata-1024x684.jpg 1024w, https:\/\/www.reggioinjazz.it\/rij\/wp-content\/uploads\/2024\/10\/Enzo-Favata-768x513.jpg 768w, https:\/\/www.reggioinjazz.it\/rij\/wp-content\/uploads\/2024\/10\/Enzo-Favata-1536x1025.jpg 1536w\" sizes=\"(max-width: 1600px) 100vw, 1600px\" \/><\/figure>\n<\/div>\n\n\n<p class=\"wp-block-paragraph\"><span style=\"font-size: 12pt; font-family: verdana, geneva; color: #993300;\"><strong>Enzo Favata 5et<\/strong><\/span><\/p>\n\n\n\n<p class=\"wp-block-paragraph\"><span style=\"font-size: 10pt; font-family: verdana, geneva;\">Enzo Favata &#8211; Sassofono soprano, Clarinetto basso, Flauto andino<\/span><\/p>\n\n\n\n<p class=\"wp-block-paragraph\"><span style=\"font-size: 10pt; font-family: verdana, geneva;\">Daniele di Bonaventura \u2013 Bandoneon<\/span><\/p>\n\n\n\n<p class=\"wp-block-paragraph\"><span style=\"font-size: 10pt; font-family: verdana, geneva;\">Marcello Peghin \u2013 Chitarra 10 corde<\/span><\/p>\n\n\n\n<p class=\"wp-block-paragraph\"><span style=\"font-size: 10pt; font-family: verdana, geneva;\">Salvatore Maltana \u2013 Contrabbasso<\/span><\/p>\n\n\n\n<p class=\"wp-block-paragraph\"><span style=\"font-size: 10pt; font-family: verdana, geneva;\">U. T. Ghandi \u2013 Batteria<\/span><\/p>\n\n\n\n<hr class=\"wp-block-separator has-alpha-channel-opacity\"\/>\n\n\n\n<p class=\"wp-block-paragraph\">L&#8217;eccezionale batterista e compositore californiano Jeff Ballard \u00e8 uno dei pi\u00f9 apprezzati sia dal pubblico che dalla critica internazionale. Con una carriera che include ruoli di membro fisso nel Brad Mehldau Trio e di co-leader del gruppo Fly, accanto a Larry Grenadier e Mark Turner, ha condiviso il palco con leggende del calibro di Ray Charles, Pat Metheny, Lou Donaldson, Mike Stern, Bobby Hutcherson, Chick Corea, Kurt Rosenwinkel, Miguel Zen\u00f3n, Eli Degibri, Danilo P\u00e9rez e Lionel Loueke, solo per citarne alcuni. Per questo evento speciale, Ballard si esibir\u00e0 con due illustri musicisti italiani, Fabrizio Bosso alla tromba e Rosario Giuliani al sax, entrambi fondatori del progetto Connections, a cui si unisce l&#8217;hammondista Alberto Gurrisi, considerato un fuoriclasse nel panorama jazzistico nazionale. Il quartetto presenter\u00e0 un repertorio avvincente, composto da originali e standard con forti connotazioni ritmiche.<\/p>\n\n\n\n<p class=\"wp-block-paragraph\">Fabrizio Bosso \u00e8 universalmente riconosciuto come uno dei migliori trombettisti a livello mondiale, noto per la sua tecnica impeccabile e per il profondo feeling che caratterizza i suoi assoli, ora virtuosistici, ora carichi di lirismo e pathos, sempre precisi e pieni di creativit\u00e0. Le sue collaborazioni includono artisti come Carla Bley, Stefano Bollani, Enrico Pieranunzi, Dee Dee Bridgewater, Rita Marcotulli, Stefano Di Battista, Charlie Haden, Javier Girotto, Sergio Cammariere e Dianne Reeves. Rosario Giuliani colpisce sin dal primo ascolto con il suo fraseggio fluido e vorticoso, vanta collaborazioni prestigiose con artisti quali Charlie Haden, Gonzalo Rubalcaba, Joe Locke, Martial Solal, Mark Turner, Kenny Wheeler e molti altri.<\/p>\n\n\n\n<p class=\"wp-block-paragraph\">Ray Gelato sembra uscito dalla penna di un fumettista, con linee nette che definiscono un personaggio sicuro e diretto, senza ambiguit\u00e0. La sua figura incarna lo swing pi\u00f9 puro, unito all\u2019amore per l\u2019Italia, che si manifesta nella passione per pizza, mandolino e Carosone, e una devozione per Louis Prima e la musica popolare americana degli anni &#8217;50.<\/p>\n\n\n\n<p class=\"wp-block-paragraph\">Questa descrizione, per\u00f2, non rende giustizia al musicista che in quasi 30 anni di carriera ha venduto moltissimi dischi, fatto ballare pubblici di ogni tipo e aperto concerti per artisti del calibro di Robbie Williams alla Royal Albert Hall. Inoltre, ha suonato a eventi esclusivi come il matrimonio di Sir Paul McCartney e per la Regina Elisabetta II. Durante il concerto al Teatro Odeon di Reggio Calabria, il pubblico potr\u00e0 godere di un repertorio indimenticabile: dai classici americani come &#8220;Baby Won\u2019t You Please Come Home&#8221; e &#8220;Ehi Marie&#8221;, ai brani di Louis Prima come &#8220;Just a Gigolo&#8221;, fino ai pezzi italiani di Carosone e Buscaglione, come &#8220;Carina&#8221;. Un evento che far\u00e0 cantare e ballare tutti i fortunati presenti.<\/p>\n\n\n\n<p class=\"wp-block-paragraph\">Quest&#8217;anno si celebra il 25esimo anniversario dall&#8217;uscita dell&#8217;album \u201cAtlantico\u201d di Enzo Favata, un viaggio musicale ispirato agli scrittori latinoamericani come Borges, Sep\u00falveda, M\u00e1rquez e Soriano. Per festeggiare questa ricorrenza, la band si riunisce per condividere grandi emozioni. Questo concept album, edito da Il &nbsp;Manifesto, ha subito riscosso un enorme successo, catturando l&#8217;immaginario di tanti ascoltatori e vendendo oltre 50.000 copie, aprendo la strada a una stagione fortunata per il Quintetto Atlantico, che ha tenuto pi\u00f9 di 300 concerti in tutto il mondo dal 1999 al 2004, con tour in Brasile, Argentina ed Europa. Il Quintetto Atlantico \u00e8 diventato un cult tra la \u201cGenerazione X\u201d, grazie al passaparola tra chi ha acquistato l&#8217;album e chi ha assistito ai concerti, contribuendo a far conoscere un sound che mescola jazz e musica latino-americana, rendendolo ancora oggi molto amato.<\/p>\n\n\n\n<p class=\"wp-block-paragraph\"><span style=\"font-size: 10pt; font-family: verdana, geneva;\"> <\/span><\/p>\n\n\n\n<p class=\"has-text-align-right wp-block-paragraph\"><\/p>\n\n\n\n<hr class=\"wp-block-separator has-alpha-channel-opacity\"\/>\n\n\n\n<div id=\"wp-block-themeisle-blocks-button-group-64687685\" class=\"wp-block-themeisle-blocks-button-group wp-block-buttons align-center-desktop\">\n<div id=\"wp-block-themeisle-blocks-button-66409525\" class=\"wp-block-themeisle-blocks-button wp-block-button\"><a href=\"https:\/\/www.ticket.it\/festival\/reggio-in-jazz.aspx\" target=\"_blank\" rel=\"noopener noreferrer\" class=\"wp-block-button__link\"><span>Info e prevendita biglietti<\/span><\/a><\/div>\n<\/div>\n\n\n\n<hr class=\"wp-block-separator has-alpha-channel-opacity\"\/>\n\n\n\n<div class=\"wp-block-columns is-layout-flex wp-container-core-columns-is-layout-8f761849 wp-block-columns-is-layout-flex\">\n<div class=\"wp-block-column is-layout-flow wp-block-column-is-layout-flow\"><div class=\"wp-block-image\">\n<figure class=\"aligncenter size-medium\"><img loading=\"lazy\" decoding=\"async\" width=\"202\" height=\"300\" src=\"https:\/\/www.reggioinjazz.it\/rij\/wp-content\/uploads\/2023\/10\/ReggioInJazz_blu-202x300.png\" alt=\"\" class=\"wp-image-240\" srcset=\"https:\/\/www.reggioinjazz.it\/rij\/wp-content\/uploads\/2023\/10\/ReggioInJazz_blu-202x300.png 202w, https:\/\/www.reggioinjazz.it\/rij\/wp-content\/uploads\/2023\/10\/ReggioInJazz_blu-688x1024.png 688w, https:\/\/www.reggioinjazz.it\/rij\/wp-content\/uploads\/2023\/10\/ReggioInJazz_blu-768x1143.png 768w, https:\/\/www.reggioinjazz.it\/rij\/wp-content\/uploads\/2023\/10\/ReggioInJazz_blu-1032x1536.png 1032w, https:\/\/www.reggioinjazz.it\/rij\/wp-content\/uploads\/2023\/10\/ReggioInJazz_blu-1376x2048.png 1376w, https:\/\/www.reggioinjazz.it\/rij\/wp-content\/uploads\/2023\/10\/ReggioInJazz_blu-134x200.png 134w\" sizes=\"(max-width: 202px) 100vw, 202px\" \/><\/figure>\n<\/div><\/div>\n\n\n\n<div class=\"wp-block-column is-layout-flow wp-block-column-is-layout-flow\">\n\n<div style=\"height:100px\" aria-hidden=\"true\" class=\"wp-block-spacer\"><\/div>\n\n\n\n<div class=\"wp-block-image\">\n<figure class=\"aligncenter size-full\"><img loading=\"lazy\" decoding=\"async\" width=\"421\" height=\"116\" src=\"https:\/\/www.reggioinjazz.it\/rij\/wp-content\/uploads\/2024\/10\/cropped-logo-fondazione-carical.png\" alt=\"\" class=\"wp-image-897\" srcset=\"https:\/\/www.reggioinjazz.it\/rij\/wp-content\/uploads\/2024\/10\/cropped-logo-fondazione-carical.png 421w, https:\/\/www.reggioinjazz.it\/rij\/wp-content\/uploads\/2024\/10\/cropped-logo-fondazione-carical-300x83.png 300w\" sizes=\"(max-width: 421px) 100vw, 421px\" \/><\/figure>\n<\/div><\/div>\n<\/div>\n\n\n\n<hr class=\"wp-block-separator has-alpha-channel-opacity\"\/>\n\n\n\n<div class=\"wp-block-columns is-layout-flex wp-container-core-columns-is-layout-8f761849 wp-block-columns-is-layout-flex\">\n<div class=\"wp-block-column is-layout-flow wp-block-column-is-layout-flow\">\n<div class=\"wp-block-columns is-layout-flex wp-container-core-columns-is-layout-8f761849 wp-block-columns-is-layout-flex\">\n<div class=\"wp-block-column is-layout-flow wp-block-column-is-layout-flow\">\n<p class=\"has-text-align-center wp-block-paragraph\"><strong>PATROCINIO<\/strong><\/p>\n<\/div>\n\n\n\n<div class=\"wp-block-column is-layout-flow wp-block-column-is-layout-flow\">\n<p class=\"has-text-align-center wp-block-paragraph\"><strong>PARTNER ISTITUZIONALE<\/strong><\/p>\n<\/div>\n<\/div>\n<\/div>\n<\/div>\n\n\n\n<div class=\"wp-block-columns is-layout-flex wp-container-core-columns-is-layout-8f761849 wp-block-columns-is-layout-flex\">\n<div class=\"wp-block-column is-layout-flow wp-block-column-is-layout-flow\">\n<div class=\"wp-block-columns is-layout-flex wp-container-core-columns-is-layout-8f761849 wp-block-columns-is-layout-flex\">\n<div class=\"wp-block-column is-layout-flow wp-block-column-is-layout-flow\"><div class=\"wp-block-image\">\n<figure class=\"aligncenter size-full is-resized\"><img loading=\"lazy\" decoding=\"async\" width=\"250\" height=\"158\" src=\"https:\/\/www.reggioinjazz.it\/rij\/wp-content\/uploads\/2015\/10\/regione_c.png\" alt=\"\" class=\"wp-image-62\" style=\"aspect-ratio:1.5822784810126582;width:241px;height:auto\"\/><\/figure>\n<\/div><\/div>\n\n\n\n<div class=\"wp-block-column is-layout-flow wp-block-column-is-layout-flow\"><div class=\"wp-block-image\">\n<figure class=\"aligncenter size-large is-resized\"><img loading=\"lazy\" decoding=\"async\" width=\"996\" height=\"1024\" src=\"https:\/\/www.reggioinjazz.it\/rij\/wp-content\/uploads\/2023\/10\/Coat_of_Arms_of_the_Province_of_Reggio-Calabria-m-996x1024.png\" alt=\"\" class=\"wp-image-425\" style=\"aspect-ratio:0.998046875;width:144px;height:auto\" srcset=\"https:\/\/www.reggioinjazz.it\/rij\/wp-content\/uploads\/2023\/10\/Coat_of_Arms_of_the_Province_of_Reggio-Calabria-m-996x1024.png 996w, https:\/\/www.reggioinjazz.it\/rij\/wp-content\/uploads\/2023\/10\/Coat_of_Arms_of_the_Province_of_Reggio-Calabria-m-292x300.png 292w, https:\/\/www.reggioinjazz.it\/rij\/wp-content\/uploads\/2023\/10\/Coat_of_Arms_of_the_Province_of_Reggio-Calabria-m-768x790.png 768w, https:\/\/www.reggioinjazz.it\/rij\/wp-content\/uploads\/2023\/10\/Coat_of_Arms_of_the_Province_of_Reggio-Calabria-m-195x200.png 195w, https:\/\/www.reggioinjazz.it\/rij\/wp-content\/uploads\/2023\/10\/Coat_of_Arms_of_the_Province_of_Reggio-Calabria-m.png 1134w\" sizes=\"(max-width: 996px) 100vw, 996px\" \/><\/figure>\n<\/div><\/div>\n<\/div>\n<\/div>\n<\/div>\n\n\n\n<hr class=\"wp-block-separator has-alpha-channel-opacity\"\/>\n\n\n\n<p class=\"has-text-align-center wp-block-paragraph\"><strong>SPONSOR<\/strong><\/p>\n\n\n\n<div class=\"wp-block-columns is-layout-flex wp-container-core-columns-is-layout-8f761849 wp-block-columns-is-layout-flex\">\n<div class=\"wp-block-column is-layout-flow wp-block-column-is-layout-flow\">\n<div class=\"wp-block-columns is-layout-flex wp-container-core-columns-is-layout-8f761849 wp-block-columns-is-layout-flex\">\n<div class=\"wp-block-column is-layout-flow wp-block-column-is-layout-flow\"><div class=\"wp-block-image\">\n<figure class=\"aligncenter size-full is-resized\"><img loading=\"lazy\" decoding=\"async\" width=\"192\" height=\"125\" src=\"https:\/\/www.reggioinjazz.it\/rij\/wp-content\/uploads\/2015\/10\/Mangiatorella.png\" alt=\"\" class=\"wp-image-63\" style=\"aspect-ratio:1.536;width:157px;height:auto\"\/><\/figure>\n<\/div><\/div>\n<\/div>\n<\/div>\n\n\n\n<div class=\"wp-block-column is-layout-flow wp-block-column-is-layout-flow\">\n<div class=\"wp-block-columns is-layout-flex wp-container-core-columns-is-layout-8f761849 wp-block-columns-is-layout-flex\">\n<div class=\"wp-block-column is-layout-flow wp-block-column-is-layout-flow\"><div class=\"wp-block-image\">\n<figure class=\"aligncenter size-full is-resized\"><img loading=\"lazy\" decoding=\"async\" width=\"320\" height=\"170\" src=\"https:\/\/www.reggioinjazz.it\/rij\/wp-content\/uploads\/2023\/10\/Versace.png\" alt=\"\" class=\"wp-image-333\" style=\"aspect-ratio:1.8823529411764706;width:181px;height:auto\" srcset=\"https:\/\/www.reggioinjazz.it\/rij\/wp-content\/uploads\/2023\/10\/Versace.png 320w, https:\/\/www.reggioinjazz.it\/rij\/wp-content\/uploads\/2023\/10\/Versace-300x159.png 300w\" sizes=\"(max-width: 320px) 100vw, 320px\" \/><\/figure>\n<\/div><\/div>\n<\/div>\n<\/div>\n<\/div>\n\n\n\n<hr class=\"wp-block-separator has-alpha-channel-opacity\"\/>\n\n\n\n\n<div class=\"wp-block-columns is-layout-flex wp-container-core-columns-is-layout-8f761849 wp-block-columns-is-layout-flex\">\n<div class=\"wp-block-column is-layout-flow wp-block-column-is-layout-flow\" style=\"flex-basis:50%\">\n<div class=\"wp-block-columns is-layout-flex wp-container-core-columns-is-layout-8f761849 wp-block-columns-is-layout-flex\">\n<div class=\"wp-block-column is-layout-flow wp-block-column-is-layout-flow\" style=\"flex-basis:85%\">\n<p class=\"has-text-align-right wp-block-paragraph\"><strong>PARTNERS<\/strong><\/p>\n<\/div>\n<\/div>\n<\/div>\n\n\n\n<div class=\"wp-block-column is-layout-flow wp-block-column-is-layout-flow\" style=\"flex-basis:42%\">\n<p class=\"has-text-align-right wp-block-paragraph\"><strong>MEDIA PARTNERS<\/strong><\/p>\n<\/div>\n<\/div>\n\n\n\n\n<div class=\"wp-block-columns is-layout-flex wp-container-core-columns-is-layout-8f761849 wp-block-columns-is-layout-flex\">\n<div class=\"wp-block-column is-layout-flow wp-block-column-is-layout-flow\">\n<div class=\"wp-block-columns is-layout-flex wp-container-core-columns-is-layout-8f761849 wp-block-columns-is-layout-flex\">\n<div class=\"wp-block-column is-layout-flow wp-block-column-is-layout-flow\"><div class=\"wp-block-image\">\n<figure class=\"aligncenter size-full\"><img loading=\"lazy\" decoding=\"async\" width=\"835\" height=\"886\" src=\"https:\/\/www.reggioinjazz.it\/rij\/wp-content\/uploads\/2023\/10\/CARTOLINE-CLUB-m.png\" alt=\"\" class=\"wp-image-346\" srcset=\"https:\/\/www.reggioinjazz.it\/rij\/wp-content\/uploads\/2023\/10\/CARTOLINE-CLUB-m.png 835w, https:\/\/www.reggioinjazz.it\/rij\/wp-content\/uploads\/2023\/10\/CARTOLINE-CLUB-m-283x300.png 283w, https:\/\/www.reggioinjazz.it\/rij\/wp-content\/uploads\/2023\/10\/CARTOLINE-CLUB-m-768x815.png 768w, https:\/\/www.reggioinjazz.it\/rij\/wp-content\/uploads\/2023\/10\/CARTOLINE-CLUB-m-188x200.png 188w\" sizes=\"(max-width: 835px) 100vw, 835px\" \/><\/figure>\n<\/div><\/div>\n\n\n\n<div class=\"wp-block-column is-layout-flow wp-block-column-is-layout-flow\"><div class=\"wp-block-image\">\n<figure class=\"aligncenter size-large is-resized\"><img loading=\"lazy\" decoding=\"async\" width=\"825\" height=\"1024\" src=\"https:\/\/www.reggioinjazz.it\/rij\/wp-content\/uploads\/2023\/10\/Erythra-825x1024.png\" alt=\"\" class=\"wp-image-337\" style=\"aspect-ratio:0.8056640625;width:99px;height:auto\" srcset=\"https:\/\/www.reggioinjazz.it\/rij\/wp-content\/uploads\/2023\/10\/Erythra-825x1024.png 825w, https:\/\/www.reggioinjazz.it\/rij\/wp-content\/uploads\/2023\/10\/Erythra-242x300.png 242w, https:\/\/www.reggioinjazz.it\/rij\/wp-content\/uploads\/2023\/10\/Erythra-768x953.png 768w, https:\/\/www.reggioinjazz.it\/rij\/wp-content\/uploads\/2023\/10\/Erythra-1238x1536.png 1238w, https:\/\/www.reggioinjazz.it\/rij\/wp-content\/uploads\/2023\/10\/Erythra-1651x2048.png 1651w, https:\/\/www.reggioinjazz.it\/rij\/wp-content\/uploads\/2023\/10\/Erythra-161x200.png 161w\" sizes=\"(max-width: 825px) 100vw, 825px\" \/><\/figure>\n<\/div><\/div>\n\n\n\n<div class=\"wp-block-column is-layout-flow wp-block-column-is-layout-flow\"><div class=\"wp-block-image\">\n<figure class=\"aligncenter size-large is-resized\"><img loading=\"lazy\" decoding=\"async\" width=\"1022\" height=\"1024\" src=\"https:\/\/www.reggioinjazz.it\/rij\/wp-content\/uploads\/2023\/10\/Mediterranea-1022x1024.png\" alt=\"\" class=\"wp-image-338\" style=\"aspect-ratio:0.998046875;width:118px;height:auto\" srcset=\"https:\/\/www.reggioinjazz.it\/rij\/wp-content\/uploads\/2023\/10\/Mediterranea-1022x1024.png 1022w, https:\/\/www.reggioinjazz.it\/rij\/wp-content\/uploads\/2023\/10\/Mediterranea-300x300.png 300w, https:\/\/www.reggioinjazz.it\/rij\/wp-content\/uploads\/2023\/10\/Mediterranea-150x150.png 150w, https:\/\/www.reggioinjazz.it\/rij\/wp-content\/uploads\/2023\/10\/Mediterranea-768x770.png 768w, https:\/\/www.reggioinjazz.it\/rij\/wp-content\/uploads\/2023\/10\/Mediterranea-1532x1536.png 1532w, https:\/\/www.reggioinjazz.it\/rij\/wp-content\/uploads\/2023\/10\/Mediterranea-2043x2048.png 2043w, https:\/\/www.reggioinjazz.it\/rij\/wp-content\/uploads\/2023\/10\/Mediterranea-200x200.png 200w\" sizes=\"(max-width: 1022px) 100vw, 1022px\" \/><\/figure>\n<\/div><\/div>\n<\/div>\n<\/div>\n\n\n\n<div class=\"wp-block-column is-layout-flow wp-block-column-is-layout-flow\">\n<div class=\"wp-block-columns is-layout-flex wp-container-core-columns-is-layout-8f761849 wp-block-columns-is-layout-flex\">\n<div class=\"wp-block-column is-layout-flow wp-block-column-is-layout-flow\"><div class=\"wp-block-image\">\n<figure class=\"aligncenter size-full is-resized\"><img loading=\"lazy\" decoding=\"async\" width=\"1024\" height=\"1020\" src=\"https:\/\/www.reggioinjazz.it\/rij\/wp-content\/uploads\/2023\/10\/Ordine-Architetti-PPC.png\" alt=\"\" class=\"wp-image-343\" style=\"aspect-ratio:1.003921568627451;width:113px;height:auto\" srcset=\"https:\/\/www.reggioinjazz.it\/rij\/wp-content\/uploads\/2023\/10\/Ordine-Architetti-PPC.png 1024w, https:\/\/www.reggioinjazz.it\/rij\/wp-content\/uploads\/2023\/10\/Ordine-Architetti-PPC-300x300.png 300w, https:\/\/www.reggioinjazz.it\/rij\/wp-content\/uploads\/2023\/10\/Ordine-Architetti-PPC-150x150.png 150w, https:\/\/www.reggioinjazz.it\/rij\/wp-content\/uploads\/2023\/10\/Ordine-Architetti-PPC-768x765.png 768w, https:\/\/www.reggioinjazz.it\/rij\/wp-content\/uploads\/2023\/10\/Ordine-Architetti-PPC-201x200.png 201w\" sizes=\"(max-width: 1024px) 100vw, 1024px\" \/><\/figure>\n<\/div><\/div>\n\n\n\n<div class=\"wp-block-column is-layout-flow wp-block-column-is-layout-flow\"><div class=\"wp-block-image\">\n<figure class=\"aligncenter size-large is-resized\"><img loading=\"lazy\" decoding=\"async\" width=\"1024\" height=\"596\" src=\"https:\/\/www.reggioinjazz.it\/rij\/wp-content\/uploads\/2023\/10\/RTV-1024x596.png\" alt=\"\" class=\"wp-image-340\" style=\"aspect-ratio:1.7181208053691275;width:168px;height:auto\" srcset=\"https:\/\/www.reggioinjazz.it\/rij\/wp-content\/uploads\/2023\/10\/RTV-1024x596.png 1024w, https:\/\/www.reggioinjazz.it\/rij\/wp-content\/uploads\/2023\/10\/RTV-300x175.png 300w, https:\/\/www.reggioinjazz.it\/rij\/wp-content\/uploads\/2023\/10\/RTV-768x447.png 768w, https:\/\/www.reggioinjazz.it\/rij\/wp-content\/uploads\/2023\/10\/RTV-1536x894.png 1536w, https:\/\/www.reggioinjazz.it\/rij\/wp-content\/uploads\/2023\/10\/RTV-344x200.png 344w, https:\/\/www.reggioinjazz.it\/rij\/wp-content\/uploads\/2023\/10\/RTV.png 1872w\" sizes=\"(max-width: 1024px) 100vw, 1024px\" \/><\/figure>\n<\/div><\/div>\n<\/div>\n<\/div>\n<\/div>\n\n\n\n<p class=\"wp-block-paragraph\"><\/p>\n","protected":false},"excerpt":{"rendered":"<p>&nbsp;REGGIO IN JAZZ&nbsp; 14^&nbsp; EDIZIONE Ritorna il consueto appuntamento con la rassegna \u201cReggio in Jazz\u201d, quest&#8217;anno arrivata alla 14^ edizione, curata dall\u2019associazione culturale \u201cNaima\u201d, che si svolger\u00e0 a Reggio Calabria, presso i locali del Teatro Odeon, i giorni 22 e 23 Novembre 2024 e presso il Teatro Manfroce, Palmi, il &hellip;<\/p>\n","protected":false},"author":2,"featured_media":901,"comment_status":"closed","ping_status":"open","sticky":false,"template":"","format":"standard","meta":{"footnotes":""},"categories":[3],"tags":[],"class_list":["post-870","post","type-post","status-publish","format-standard","has-post-thumbnail","hentry","category-reggioinjazz"],"_links":{"self":[{"href":"https:\/\/www.reggioinjazz.it\/rij\/wp-json\/wp\/v2\/posts\/870","targetHints":{"allow":["GET"]}}],"collection":[{"href":"https:\/\/www.reggioinjazz.it\/rij\/wp-json\/wp\/v2\/posts"}],"about":[{"href":"https:\/\/www.reggioinjazz.it\/rij\/wp-json\/wp\/v2\/types\/post"}],"author":[{"embeddable":true,"href":"https:\/\/www.reggioinjazz.it\/rij\/wp-json\/wp\/v2\/users\/2"}],"replies":[{"embeddable":true,"href":"https:\/\/www.reggioinjazz.it\/rij\/wp-json\/wp\/v2\/comments?post=870"}],"version-history":[{"count":13,"href":"https:\/\/www.reggioinjazz.it\/rij\/wp-json\/wp\/v2\/posts\/870\/revisions"}],"predecessor-version":[{"id":909,"href":"https:\/\/www.reggioinjazz.it\/rij\/wp-json\/wp\/v2\/posts\/870\/revisions\/909"}],"wp:featuredmedia":[{"embeddable":true,"href":"https:\/\/www.reggioinjazz.it\/rij\/wp-json\/wp\/v2\/media\/901"}],"wp:attachment":[{"href":"https:\/\/www.reggioinjazz.it\/rij\/wp-json\/wp\/v2\/media?parent=870"}],"wp:term":[{"taxonomy":"category","embeddable":true,"href":"https:\/\/www.reggioinjazz.it\/rij\/wp-json\/wp\/v2\/categories?post=870"},{"taxonomy":"post_tag","embeddable":true,"href":"https:\/\/www.reggioinjazz.it\/rij\/wp-json\/wp\/v2\/tags?post=870"}],"curies":[{"name":"wp","href":"https:\/\/api.w.org\/{rel}","templated":true}]}}